{"id":5026,"date":"2026-09-01T11:24:07","date_gmt":"2026-09-01T14:24:07","guid":{"rendered":"https:\/\/coimp.org.br\/site\/?p=5026"},"modified":"2026-09-01T11:28:18","modified_gmt":"2026-09-01T14:28:18","slug":"atencao","status":"publish","type":"post","link":"https:\/\/coimp.org.br\/site\/atencao\/","title":{"rendered":"Aten\u00e7\u00e3o Prefeitos!"},"content":{"rendered":"<p>\u203c\ufe0f <strong>ATEN\u00c7\u00c3O, PREFEITO(AS)!<\/strong> \u203c\ufe0f<\/p>\n<p>O <strong>COIMP<\/strong> alerta para os prazos importantes relacionados \u00e0 regulariza\u00e7\u00e3o de d\u00edvidas municipalistas com a Uni\u00e3o:<\/p>\n<p><strong>31 de agosto de 2026<\/strong> (Hoje)<br \/>\nPrazo de formaliza\u00e7\u00e3o do parcelamento de <strong>d\u00e9bitos previdenci\u00e1rios<\/strong> com a <strong>Receita Federal<\/strong> e a <strong>PGFN<\/strong>.<\/p>\n<p><strong>09 de setembro de 2026<\/strong><br \/>\nPrazo final para envio do of\u00edcio de ades\u00e3o ao parcelamento especial de <strong>d\u00edvidas com Secretaria do Tesouro Nacional<\/strong> \u2013 STN (Dec. n\u00ba 13.080\/2026)<\/p>\n","protected":false},"excerpt":{"rendered":"<p>O COIMP alerta para os prazos importantes relacionados \u00e0 regulariza\u00e7\u00e3o de d\u00edvidas municipalistas com a Uni\u00e3o.<\/p>\n","protected":false},"author":1,"featured_media":5027,"comment_status":"closed","ping_status":"open","sticky":false,"template":"","format":"standard","meta":{"neve_meta_sidebar":"","neve_meta_container":"","neve_meta_enable_content_width":"off","neve_meta_content_width":70,"neve_meta_title_alignment":"","neve_meta_author_avatar":"","neve_post_elements_order":"","neve_meta_disable_header":"","neve_meta_disable_footer":"","neve_meta_disable_title":"","footnotes":""},"categories":[12],"tags":[],"class_list":["post-5026","post","type-post","status-publish","format-standard","has-post-thumbnail","hentry","category-noticias"],"_links":{"self":[{"href":"https:\/\/coimp.org.br\/site\/wp-json\/wp\/v2\/posts\/5026","targetHints":{"allow":["GET"]}}],"collection":[{"href":"https:\/\/coimp.org.br\/site\/wp-json\/wp\/v2\/posts"}],"about":[{"href":"https:\/\/coimp.org.br\/site\/wp-json\/wp\/v2\/types\/post"}],"author":[{"embeddable":true,"href":"https:\/\/coimp.org.br\/site\/wp-json\/wp\/v2\/users\/1"}],"replies":[{"embeddable":true,"href":"https:\/\/coimp.org.br\/site\/wp-json\/wp\/v2\/comments?post=5026"}],"version-history":[{"count":5,"href":"https:\/\/coimp.org.br\/site\/wp-json\/wp\/v2\/posts\/5026\/revisions"}],"predecessor-version":[{"id":5032,"href":"https:\/\/coimp.org.br\/site\/wp-json\/wp\/v2\/posts\/5026\/revisions\/5032"}],"wp:featuredmedia":[{"embeddable":true,"href":"https:\/\/coimp.org.br\/site\/wp-json\/wp\/v2\/media\/5027"}],"wp:attachment":[{"href":"https:\/\/coimp.org.br\/site\/wp-json\/wp\/v2\/media?parent=5026"}],"wp:term":[{"taxonomy":"category","embeddable":true,"href":"https:\/\/coimp.org.br\/site\/wp-json\/wp\/v2\/categories?post=5026"},{"taxonomy":"post_tag","embeddable":true,"href":"https:\/\/coimp.org.br\/site\/wp-json\/wp\/v2\/tags?post=5026"}],"curies":[{"name":"wp","href":"https:\/\/api.w.org\/{rel}","templated":true}]}}